{"id":16115,"date":"2020-06-18T19:00:24","date_gmt":"2020-06-18T22:00:24","guid":{"rendered":"https:\/\/alphamodasocial.com.br\/shop\/?p=16115"},"modified":"2021-01-10T19:00:38","modified_gmt":"2021-01-10T22:00:38","slug":"confeccao-de-uniformes-em-duque-de-caxias-rj","status":"publish","type":"post","link":"https:\/\/alphamodasocial.com.br\/shop\/confeccao-de-uniformes-em-duque-de-caxias-rj\/","title":{"rendered":"Confec\u00e7\u00e3o de uniformes em Duque de Caxias rj"},"content":{"rendered":"<div data-block-name=\"woocommerce\/handpicked-products\" data-edit-mode=\"false\" data-products=\"[14412,14544,14676]\" class=\"wc-block-grid wp-block-handpicked-products wc-block-handpicked-products has-3-columns has-multiple-rows\"><ul class=\"wc-block-grid__products\"><li class=\"wc-block-grid__product\">\n\t\t\t\t<a href=\"https:\/\/alphamodasocial.com.br\/shop\/produto\/camisetas-personalizadas-para-empresas-kit-20-pcs\/\" class=\"wc-block-grid__product-link\">\n\t\t\t\t\t<div class=\"wc-block-grid__product-onsale\">\n\t\t\t<span aria-hidden=\"true\">Oferta<\/span>\n\t\t\t<span class=\"screen-reader-text\">Produto em promo\u00e7\u00e3o<\/span>\n\t\t<\/div>\n\t\t\t\t\t<div class=\"wc-block-grid__product-image\"><img loading=\"lazy\" width=\"320\" height=\"400\" src=\"https:\/\/alphamodasocial.com.br\/shop\/wp-content\/uploads\/2020\/02\/camiseta-personalizada-uniformes-fardamentos-preta-azul-branca-frente-320x400.jpg\" class=\"attachment-woocommerce_thumbnail size-woocommerce_thumbnail\" alt=\"Camisetas Personalizadas no peito para uniformes de empresas kit 20 p\u00e7s\" decoding=\"async\" \/><\/div>\n\t\t\t\t\t<div class=\"wc-block-grid__product-title\">Camisetas Personalizadas no peito para uniformes de empresas kit 20 p\u00e7s<\/div>\n\t\t\t\t<\/a>\n\t\t\t\t<div class=\"wc-block-grid__product-price price\"><del aria-hidden=\"true\"><span class=\"woocommerce-Price-amount amount\"><span class=\"woocommerce-Price-currencySymbol\">&#082;&#036;<\/span>&nbsp;1.118,00<\/span><\/del> <ins><span class=\"woocommerce-Price-amount amount\"><span class=\"woocommerce-Price-currencySymbol\">&#082;&#036;<\/span>&nbsp;918,00<\/span><\/ins><\/div>\n\t\t\t\t\n\t\t\t\t<div class=\"wp-block-button wc-block-grid__product-add-to-cart\"><a href=\"https:\/\/alphamodasocial.com.br\/shop\/produto\/camisetas-personalizadas-para-empresas-kit-20-pcs\/\" aria-label=\"Selecione as op\u00e7\u00f5es para &ldquo;Camisetas Personalizadas no peito para uniformes de empresas kit 20 p\u00e7s&rdquo;\" data-quantity=\"1\" data-product_id=\"14676\" data-product_sku=\"AMB 0321\" rel=\"nofollow\" class=\"wp-block-button__link  add_to_cart_button\">Ver op\u00e7\u00f5es<\/a><\/div>\n\t\t\t<\/li><li class=\"wc-block-grid__product\">\n\t\t\t\t<a href=\"https:\/\/alphamodasocial.com.br\/shop\/produto\/camiseta-polo-personalizada-modelo-diferenciado-kit-com-20-pcs\/\" class=\"wc-block-grid__product-link\">\n\t\t\t\t\t<div class=\"wc-block-grid__product-onsale\">\n\t\t\t<span aria-hidden=\"true\">Oferta<\/span>\n\t\t\t<span class=\"screen-reader-text\">Produto em promo\u00e7\u00e3o<\/span>\n\t\t<\/div>\n\t\t\t\t\t<div class=\"wc-block-grid__product-image\"><img loading=\"lazy\" width=\"320\" height=\"400\" src=\"https:\/\/alphamodasocial.com.br\/shop\/wp-content\/uploads\/2019\/08\/camisa-camiseta-polo-personalizada-uniformes-alpha-branca-preta-vermelha-modelo-5-320x400.jpg\" class=\"attachment-woocommerce_thumbnail size-woocommerce_thumbnail\" alt=\"Camisa polo z\u00edper fecho masculina e feminina personalizada para uniformes fardamentos \u2013 Kits a partir de 20 p\u00e7s\" decoding=\"async\" \/><\/div>\n\t\t\t\t\t<div class=\"wc-block-grid__product-title\">Camisa polo z\u00edper fecho masculina e feminina personalizada para uniformes fardamentos \u2013 Kits a partir de 20 p\u00e7s<\/div>\n\t\t\t\t<\/a>\n\t\t\t\t<div class=\"wc-block-grid__product-price price\"><del aria-hidden=\"true\"><span class=\"woocommerce-Price-amount amount\"><span class=\"woocommerce-Price-currencySymbol\">&#082;&#036;<\/span>&nbsp;2.140,00<\/span><\/del> <ins><span class=\"woocommerce-Price-amount amount\"><span class=\"woocommerce-Price-currencySymbol\">&#082;&#036;<\/span>&nbsp;1.940,00<\/span><\/ins><\/div>\n\t\t\t\t\n\t\t\t\t<div class=\"wp-block-button wc-block-grid__product-add-to-cart\"><a href=\"?add-to-cart=14544\" aria-label=\"Adicionar &ldquo;Camisa polo z\u00edper fecho masculina e feminina personalizada para uniformes fardamentos \u2013 Kits a partir de 20 p\u00e7s&rdquo; no seu carrinho\" data-quantity=\"1\" data-product_id=\"14544\" data-product_sku=\"AMB 0263 Branca\" rel=\"nofollow\" class=\"wp-block-button__link  add_to_cart_button ajax_add_to_cart\">Comprar<\/a><\/div>\n\t\t\t<\/li><li class=\"wc-block-grid__product\">\n\t\t\t\t<a href=\"https:\/\/alphamodasocial.com.br\/shop\/produto\/camisa-jeans-personalizada-kit-20-pcs\/\" class=\"wc-block-grid__product-link\">\n\t\t\t\t\t<div class=\"wc-block-grid__product-onsale\">\n\t\t\t<span aria-hidden=\"true\">Oferta<\/span>\n\t\t\t<span class=\"screen-reader-text\">Produto em promo\u00e7\u00e3o<\/span>\n\t\t<\/div>\n\t\t\t\t\t<div class=\"wc-block-grid__product-image\"><img loading=\"lazy\" width=\"320\" height=\"400\" src=\"https:\/\/alphamodasocial.com.br\/shop\/wp-content\/uploads\/2020\/01\/Camisa-personalizada-uniformes-fardamentos-profissionais-empresa-frente-jeans-preto-320x400.jpg\" class=\"attachment-woocommerce_thumbnail size-woocommerce_thumbnail\" alt=\"Camisa cor Jeans feminina e\/ou masculina personalizada para uniformes fardamentos profissionais\" decoding=\"async\" \/><\/div>\n\t\t\t\t\t<div class=\"wc-block-grid__product-title\">Camisa cor Jeans feminina e\/ou masculina personalizada para uniformes fardamentos profissionais &#8211; Kit c\/ 20 p\u00e7<\/div>\n\t\t\t\t<\/a>\n\t\t\t\t<div class=\"wc-block-grid__product-price price\"><del aria-hidden=\"true\"><span class=\"woocommerce-Price-amount amount\"><span class=\"woocommerce-Price-currencySymbol\">&#082;&#036;<\/span>&nbsp;2.580,00<\/span><\/del> <ins><span class=\"woocommerce-Price-amount amount\"><span class=\"woocommerce-Price-currencySymbol\">&#082;&#036;<\/span>&nbsp;2.380,00<\/span><\/ins><\/div>\n\t\t\t\t\n\t\t\t\t<div class=\"wp-block-button wc-block-grid__product-add-to-cart\"><a href=\"https:\/\/alphamodasocial.com.br\/shop\/produto\/camisa-jeans-personalizada-kit-20-pcs\/\" aria-label=\"Selecione as op\u00e7\u00f5es para &ldquo;Camisa cor Jeans feminina e\/ou masculina personalizada para uniformes fardamentos profissionais - Kit c\/ 20 p\u00e7&rdquo;\" data-quantity=\"1\" data-product_id=\"14412\" data-product_sku=\"AMB 0315 personalizada\" rel=\"nofollow\" class=\"wp-block-button__link  add_to_cart_button\">Ver op\u00e7\u00f5es<\/a><\/div>\n\t\t\t<\/li><\/ul><\/div>\n\n\n<p>Empresas de v\u00e1rios segmentos t\u00eam se instalado em Duque de Caxias, tais como o jornal O Globo e o Carrefour, aproveitando a privilegiada posi\u00e7\u00e3o do munic\u00edpio, pr\u00f3ximo de algumas das principais rodovias brasileiras: Linha Vermelha, Linha Amarela, Rodovia Presidente Dutra, BR-040 e Avenida Brasil, al\u00e9m da proximidade do Aeroporto Tom Jobim e a dist\u00e2ncia de apenas dezessete quil\u00f4metros do Centro da cidade do Rio de Janeiro, levando seus produtos facilmente para grandes centros consumidores: S\u00e3o Paulo, Minas Gerais e Regi\u00e3o Sul do Brasil. O maior parque industrial do estado do Rio de Janeiro fica no munic\u00edpio, possuindo empresas como Texaco, Shell, Esso, Petr\u00f3leo Ipiranga, White Martins, IBF, Transportes Carvalh\u00e3o, Sadia S. A., Marcopolo, entre outras. O segmento est\u00e1 mais concentrado nos setores de qu\u00edmica e petroqu\u00edmica, estimulados pela presen\u00e7a da Refinaria de Duque de Caxias, a segunda maior do pa\u00eds. No cadastro industrial da Federa\u00e7\u00e3o das Ind\u00fastrias do Estado do Rio de Janeiro, Duque de Caxias ocupa a segunda posi\u00e7\u00e3o em n\u00famero de empregados no Rio de Janeiro e a terceira em n\u00famero de estabelecimentos, atr\u00e1s apenas da pr\u00f3pria capital e de Petr\u00f3polis. No Centro da cidade, h\u00e1 intenso com\u00e9rcio popular, a maioria concentrada nas ruas Jos\u00e9 de Alvarenga e Nilo Pe\u00e7anha.<\/p>\n\n\n<div data-block-name=\"woocommerce\/product-on-sale\" class=\"wc-block-grid wp-block-product-on-sale wc-block-product-on-sale has-3-columns has-multiple-rows\"><ul class=\"wc-block-grid__products\"><li class=\"wc-block-grid__product\">\n\t\t\t\t<a href=\"https:\/\/alphamodasocial.com.br\/shop\/produto\/bermuda-profissional-em-brim-sarja-1-2-elastico-com-ziper-para-sua-equipe-alpha-uniformes\/\" class=\"wc-block-grid__product-link\">\n\t\t\t\t\t<div class=\"wc-block-grid__product-onsale\">\n\t\t\t<span aria-hidden=\"true\">Oferta<\/span>\n\t\t\t<span class=\"screen-reader-text\">Produto em promo\u00e7\u00e3o<\/span>\n\t\t<\/div>\n\t\t\t\t\t<div class=\"wc-block-grid__product-image\"><img loading=\"lazy\" width=\"284\" height=\"284\" src=\"https:\/\/alphamodasocial.com.br\/shop\/wp-content\/uploads\/2025\/11\/bermuda-brim-cinza-grafite-cos-tradicional-alpha-uniformes-uniforme-corporativo.jpg\" class=\"attachment-woocommerce_thumbnail size-woocommerce_thumbnail\" alt=\"Bermuda Brim Sarja Cinza Grafite Alpha Uniformes C\u00f3s Tradicional uniforme corporativo\" decoding=\"async\" srcset=\"https:\/\/alphamodasocial.com.br\/shop\/wp-content\/uploads\/2025\/11\/bermuda-brim-cinza-grafite-cos-tradicional-alpha-uniformes-uniforme-corporativo.jpg 284w, https:\/\/alphamodasocial.com.br\/shop\/wp-content\/uploads\/2025\/11\/bermuda-brim-cinza-grafite-cos-tradicional-alpha-uniformes-uniforme-corporativo-150x150.jpg 150w, https:\/\/alphamodasocial.com.br\/shop\/wp-content\/uploads\/2025\/11\/bermuda-brim-cinza-grafite-cos-tradicional-alpha-uniformes-uniforme-corporativo-100x100.jpg 100w\" sizes=\"(max-width: 284px) 100vw, 284px\" \/><\/div>\n\t\t\t\t\t<div class=\"wc-block-grid__product-title\">Bermuda Profissional em Brim Sarja 1\/2 el\u00e1stico com z\u00edper para sua Equipe Alpha Uniformes<\/div>\n\t\t\t\t<\/a>\n\t\t\t\t<div class=\"wc-block-grid__product-price price\"><del aria-hidden=\"true\"><span class=\"woocommerce-Price-amount amount\"><span class=\"woocommerce-Price-currencySymbol\">&#082;&#036;<\/span>&nbsp;1.840,00<\/span><\/del> <ins><span class=\"woocommerce-Price-amount amount\"><span class=\"woocommerce-Price-currencySymbol\">&#082;&#036;<\/span>&nbsp;1.740,00<\/span><\/ins><\/div>\n\t\t\t\t\n\t\t\t\t<div class=\"wp-block-button wc-block-grid__product-add-to-cart\"><a href=\"?add-to-cart=21021\" aria-label=\"Adicionar &ldquo;Bermuda Profissional em Brim Sarja 1\/2 el\u00e1stico com z\u00edper para sua Equipe Alpha Uniformes&rdquo; no seu carrinho\" data-quantity=\"1\" data-product_id=\"21021\" data-product_sku=\"AMB 0380-1\" rel=\"nofollow\" class=\"wp-block-button__link  add_to_cart_button ajax_add_to_cart\">Comprar<\/a><\/div>\n\t\t\t<\/li><li class=\"wc-block-grid__product\">\n\t\t\t\t<a href=\"https:\/\/alphamodasocial.com.br\/shop\/produto\/jaqueta-blusa-de-frio-corta-vento-personalizada-para-fardamentos-e-uniformes\/\" class=\"wc-block-grid__product-link\">\n\t\t\t\t\t<div class=\"wc-block-grid__product-onsale\">\n\t\t\t<span aria-hidden=\"true\">Oferta<\/span>\n\t\t\t<span class=\"screen-reader-text\">Produto em promo\u00e7\u00e3o<\/span>\n\t\t<\/div>\n\t\t\t\t\t<div class=\"wc-block-grid__product-image\"><img loading=\"lazy\" width=\"320\" height=\"400\" src=\"https:\/\/alphamodasocial.com.br\/shop\/wp-content\/uploads\/2025\/07\/onde-comprar-jaqueta-puffer-vermelha-masculina-320x400.png\" class=\"attachment-woocommerce_thumbnail size-woocommerce_thumbnail\" alt=\"jaqueta puffer para uniformes vermelha para fardamento de equipe de eventos\" decoding=\"async\" \/><\/div>\n\t\t\t\t\t<div class=\"wc-block-grid__product-title\">Blusa de Frio Corporativa Personalizada com Logo para fardas kit 20 p\u00e7s<\/div>\n\t\t\t\t<\/a>\n\t\t\t\t<div class=\"wc-block-grid__product-price price\"><del aria-hidden=\"true\"><span class=\"woocommerce-Price-amount amount\"><span class=\"woocommerce-Price-currencySymbol\">&#082;&#036;<\/span>&nbsp;6.999,00<\/span><\/del> <ins><span class=\"woocommerce-Price-amount amount\"><span class=\"woocommerce-Price-currencySymbol\">&#082;&#036;<\/span>&nbsp;5.300,00<\/span><\/ins><\/div>\n\t\t\t\t\n\t\t\t\t<div class=\"wp-block-button wc-block-grid__product-add-to-cart\"><a href=\"?add-to-cart=20951\" aria-label=\"Adicionar &ldquo;Blusa de Frio Corporativa Personalizada com Logo para fardas kit 20 p\u00e7s&rdquo; no seu carrinho\" data-quantity=\"1\" data-product_id=\"20951\" data-product_sku=\"AMB 0575\" rel=\"nofollow\" class=\"wp-block-button__link  add_to_cart_button ajax_add_to_cart\">Comprar<\/a><\/div>\n\t\t\t<\/li><li class=\"wc-block-grid__product\">\n\t\t\t\t<a href=\"https:\/\/alphamodasocial.com.br\/shop\/produto\/camisa-de-uniforme-feminino-bonito-e-profissional-com-logo\/\" class=\"wc-block-grid__product-link\">\n\t\t\t\t\t<div class=\"wc-block-grid__product-onsale\">\n\t\t\t<span aria-hidden=\"true\">Oferta<\/span>\n\t\t\t<span class=\"screen-reader-text\">Produto em promo\u00e7\u00e3o<\/span>\n\t\t<\/div>\n\t\t\t\t\t<div class=\"wc-block-grid__product-image\"><img loading=\"lazy\" width=\"320\" height=\"400\" src=\"https:\/\/alphamodasocial.com.br\/shop\/wp-content\/uploads\/2025\/06\/uniforme-polo-feminino-empresa-bordado-brasil-320x400.png\" class=\"attachment-woocommerce_thumbnail size-woocommerce_thumbnail\" alt=\"onde comprar polo profissional feminina com personaliza\u00e7\u00e3o\" decoding=\"async\" \/><\/div>\n\t\t\t\t\t<div class=\"wc-block-grid__product-title\">Camisa de uniforme feminino bonito e profissional com logo &#8211; kit 20 p\u00e7s<\/div>\n\t\t\t\t<\/a>\n\t\t\t\t<div class=\"wc-block-grid__product-price price\"><del aria-hidden=\"true\"><span class=\"woocommerce-Price-amount amount\"><span class=\"woocommerce-Price-currencySymbol\">&#082;&#036;<\/span>&nbsp;1.880,00<\/span><\/del> <ins><span class=\"woocommerce-Price-amount amount\"><span class=\"woocommerce-Price-currencySymbol\">&#082;&#036;<\/span>&nbsp;1.680,00<\/span><\/ins><\/div>\n\t\t\t\t\n\t\t\t\t<div class=\"wp-block-button wc-block-grid__product-add-to-cart\"><a href=\"?add-to-cart=20942\" aria-label=\"Adicionar &ldquo;Camisa de uniforme feminino bonito e profissional com logo - kit 20 p\u00e7s&rdquo; no seu carrinho\" data-quantity=\"1\" data-product_id=\"20942\" data-product_sku=\"AMB 0530-1-2\" rel=\"nofollow\" class=\"wp-block-button__link  add_to_cart_button ajax_add_to_cart\">Comprar<\/a><\/div>\n\t\t\t<\/li><li class=\"wc-block-grid__product\">\n\t\t\t\t<a href=\"https:\/\/alphamodasocial.com.br\/shop\/produto\/camisa-polo-feminina-profissional-com-personalizacao-premium\/\" class=\"wc-block-grid__product-link\">\n\t\t\t\t\t<div class=\"wc-block-grid__product-onsale\">\n\t\t\t<span aria-hidden=\"true\">Oferta<\/span>\n\t\t\t<span class=\"screen-reader-text\">Produto em promo\u00e7\u00e3o<\/span>\n\t\t<\/div>\n\t\t\t\t\t<div class=\"wc-block-grid__product-image\"><img loading=\"lazy\" width=\"320\" height=\"400\" src=\"https:\/\/alphamodasocial.com.br\/shop\/wp-content\/uploads\/2025\/06\/uniforme-polo-feminino-empresa-bordado-brasil-320x400.png\" class=\"attachment-woocommerce_thumbnail size-woocommerce_thumbnail\" alt=\"onde comprar polo profissional feminina com personaliza\u00e7\u00e3o\" decoding=\"async\" \/><\/div>\n\t\t\t\t\t<div class=\"wc-block-grid__product-title\">Camisa Polo Feminina Profissional com Personaliza\u00e7\u00e3o Premium &#8211; kit 20 p\u00e7s<\/div>\n\t\t\t\t<\/a>\n\t\t\t\t<div class=\"wc-block-grid__product-price price\"><del aria-hidden=\"true\"><span class=\"woocommerce-Price-amount amount\"><span class=\"woocommerce-Price-currencySymbol\">&#082;&#036;<\/span>&nbsp;1.880,00<\/span><\/del> <ins><span class=\"woocommerce-Price-amount amount\"><span class=\"woocommerce-Price-currencySymbol\">&#082;&#036;<\/span>&nbsp;1.680,00<\/span><\/ins><\/div>\n\t\t\t\t\n\t\t\t\t<div class=\"wp-block-button wc-block-grid__product-add-to-cart\"><a href=\"?add-to-cart=20941\" aria-label=\"Adicionar &ldquo;Camisa Polo Feminina Profissional com Personaliza\u00e7\u00e3o Premium - kit 20 p\u00e7s&rdquo; no seu carrinho\" data-quantity=\"1\" data-product_id=\"20941\" data-product_sku=\"AMB 0574\" rel=\"nofollow\" class=\"wp-block-button__link  add_to_cart_button ajax_add_to_cart\">Comprar<\/a><\/div>\n\t\t\t<\/li><li class=\"wc-block-grid__product\">\n\t\t\t\t<a href=\"https:\/\/alphamodasocial.com.br\/shop\/produto\/camisas-polo-personalizadas-para-empresas-kit-20-pcs\/\" class=\"wc-block-grid__product-link\">\n\t\t\t\t\t<div class=\"wc-block-grid__product-onsale\">\n\t\t\t<span aria-hidden=\"true\">Oferta<\/span>\n\t\t\t<span class=\"screen-reader-text\">Produto em promo\u00e7\u00e3o<\/span>\n\t\t<\/div>\n\t\t\t\t\t<div class=\"wc-block-grid__product-image\"><img loading=\"lazy\" width=\"320\" height=\"400\" src=\"https:\/\/alphamodasocial.com.br\/shop\/wp-content\/uploads\/2025\/05\/camisa-polo-profissional-bordada-com-logo-320x400.jpg\" class=\"attachment-woocommerce_thumbnail size-woocommerce_thumbnail\" alt=\"camisa polo com identifica\u00e7\u00e3o para motoristas e ajudantes de carga\" decoding=\"async\" \/><\/div>\n\t\t\t\t\t<div class=\"wc-block-grid__product-title\">Camisas Polo Personalizadas para Empresas &#8211; kit 20 p\u00e7s<\/div>\n\t\t\t\t<\/a>\n\t\t\t\t<div class=\"wc-block-grid__product-price price\"><del aria-hidden=\"true\"><span class=\"woocommerce-Price-amount amount\"><span class=\"woocommerce-Price-currencySymbol\">&#082;&#036;<\/span>&nbsp;1.880,00<\/span><\/del> <ins><span class=\"woocommerce-Price-amount amount\"><span class=\"woocommerce-Price-currencySymbol\">&#082;&#036;<\/span>&nbsp;1.680,00<\/span><\/ins><\/div>\n\t\t\t\t\n\t\t\t\t<div class=\"wp-block-button wc-block-grid__product-add-to-cart\"><a href=\"?add-to-cart=20915\" aria-label=\"Adicionar &ldquo;Camisas Polo Personalizadas para Empresas - kit 20 p\u00e7s&rdquo; no seu carrinho\" data-quantity=\"1\" data-product_id=\"20915\" data-product_sku=\"AMB 0530-1\" rel=\"nofollow\" class=\"wp-block-button__link  add_to_cart_button ajax_add_to_cart\">Comprar<\/a><\/div>\n\t\t\t<\/li><li class=\"wc-block-grid__product\">\n\t\t\t\t<a href=\"https:\/\/alphamodasocial.com.br\/shop\/produto\/camisa-polo-personalizada-para-empresas-da-alpha-uniformes-kit-20-pcs\/\" class=\"wc-block-grid__product-link\">\n\t\t\t\t\t<div class=\"wc-block-grid__product-onsale\">\n\t\t\t<span aria-hidden=\"true\">Oferta<\/span>\n\t\t\t<span class=\"screen-reader-text\">Produto em promo\u00e7\u00e3o<\/span>\n\t\t<\/div>\n\t\t\t\t\t<div class=\"wc-block-grid__product-image\"><img loading=\"lazy\" width=\"320\" height=\"400\" src=\"https:\/\/alphamodasocial.com.br\/shop\/wp-content\/uploads\/2025\/05\/aonde-comprar-camisa-polo-feminina-para-uniformes-320x400.png\" class=\"attachment-woocommerce_thumbnail size-woocommerce_thumbnail\" alt=\"camisa polo personalizada uniforme empresa Alpha Uniformes\" decoding=\"async\" \/><\/div>\n\t\t\t\t\t<div class=\"wc-block-grid__product-title\">Camisa acinturada Polo Personalizada para Empresas da Alpha Uniformes kit 20 p\u00e7s<\/div>\n\t\t\t\t<\/a>\n\t\t\t\t<div class=\"wc-block-grid__product-price price\"><del aria-hidden=\"true\"><span class=\"woocommerce-Price-amount amount\"><span class=\"woocommerce-Price-currencySymbol\">&#082;&#036;<\/span>&nbsp;2.140,00<\/span><\/del> <ins><span class=\"woocommerce-Price-amount amount\"><span class=\"woocommerce-Price-currencySymbol\">&#082;&#036;<\/span>&nbsp;1.680,00<\/span><\/ins><\/div>\n\t\t\t\t\n\t\t\t\t<div class=\"wp-block-button wc-block-grid__product-add-to-cart\"><a href=\"?add-to-cart=20889\" aria-label=\"Adicionar &ldquo;Camisa acinturada Polo Personalizada para Empresas da Alpha Uniformes kit 20 p\u00e7s&rdquo; no seu carrinho\" data-quantity=\"1\" data-product_id=\"20889\" data-product_sku=\"AMB 0568\" rel=\"nofollow\" class=\"wp-block-button__link  add_to_cart_button ajax_add_to_cart\">Comprar<\/a><\/div>\n\t\t\t<\/li><li class=\"wc-block-grid__product\">\n\t\t\t\t<a href=\"https:\/\/alphamodasocial.com.br\/shop\/produto\/camiseta-camiseta-sorte25-cor-verde-pantone-da-alpha-uniformes\/\" class=\"wc-block-grid__product-link\">\n\t\t\t\t\t<div class=\"wc-block-grid__product-onsale\">\n\t\t\t<span aria-hidden=\"true\">Oferta<\/span>\n\t\t\t<span class=\"screen-reader-text\">Produto em promo\u00e7\u00e3o<\/span>\n\t\t<\/div>\n\t\t\t\t\t<div class=\"wc-block-grid__product-image\"><img loading=\"lazy\" width=\"320\" height=\"400\" src=\"https:\/\/alphamodasocial.com.br\/shop\/wp-content\/uploads\/2025\/02\/camiseta-sorteio-da-qoculos-franquia-promocao-320x400.jpg\" class=\"attachment-woocommerce_thumbnail size-woocommerce_thumbnail\" alt=\"camiseta de marketing promocional da Q\u00d3culos para campanhas de vendas\" decoding=\"async\" \/><\/div>\n\t\t\t\t\t<div class=\"wc-block-grid__product-title\">Camiseta Verde Pantone promo\u00e7\u00e3o Sorte25 da Alpha Uniformes &#8211; kit com 10 p\u00e7s<\/div>\n\t\t\t\t<\/a>\n\t\t\t\t<div class=\"wc-block-grid__product-price price\"><del aria-hidden=\"true\"><span class=\"woocommerce-Price-amount amount\"><span class=\"woocommerce-Price-currencySymbol\">&#082;&#036;<\/span>&nbsp;499,00<\/span><\/del> <ins><span class=\"woocommerce-Price-amount amount\"><span class=\"woocommerce-Price-currencySymbol\">&#082;&#036;<\/span>&nbsp;480,00<\/span><\/ins><\/div>\n\t\t\t\t\n\t\t\t\t<div class=\"wp-block-button wc-block-grid__product-add-to-cart\"><a href=\"?add-to-cart=20810\" aria-label=\"Adicionar &ldquo;Camiseta Verde Pantone promo\u00e7\u00e3o Sorte25 da Alpha Uniformes - kit com 10 p\u00e7s&rdquo; no seu carrinho\" data-quantity=\"1\" data-product_id=\"20810\" data-product_sku=\"AMB 0560\" rel=\"nofollow\" class=\"wp-block-button__link  add_to_cart_button ajax_add_to_cart\">Comprar<\/a><\/div>\n\t\t\t<\/li><li class=\"wc-block-grid__product\">\n\t\t\t\t<a href=\"https:\/\/alphamodasocial.com.br\/shop\/produto\/camiseta-euajudeiojoel-vamos-ajudar-o-joel-a-comprar-a-sua-casa-adaptada\/\" class=\"wc-block-grid__product-link\">\n\t\t\t\t\t<div class=\"wc-block-grid__product-onsale\">\n\t\t\t<span aria-hidden=\"true\">Oferta<\/span>\n\t\t\t<span class=\"screen-reader-text\">Produto em promo\u00e7\u00e3o<\/span>\n\t\t<\/div>\n\t\t\t\t\t<div class=\"wc-block-grid__product-image\"><img loading=\"lazy\" width=\"320\" height=\"400\" src=\"https:\/\/alphamodasocial.com.br\/shop\/wp-content\/uploads\/2025\/01\/camiseta-para-ajudar-o-joel-320x400.jpg\" class=\"attachment-woocommerce_thumbnail size-woocommerce_thumbnail\" alt=\"camiseta ajudar Joel\" decoding=\"async\" \/><\/div>\n\t\t\t\t\t<div class=\"wc-block-grid__product-title\">Camiseta #EuAjudeioJoel &#8211; vamos ajudar o Joel a comprar a sua casa adaptada ?<\/div>\n\t\t\t\t<\/a>\n\t\t\t\t<div class=\"wc-block-grid__product-price price\"><del aria-hidden=\"true\"><span class=\"woocommerce-Price-amount amount\"><span class=\"woocommerce-Price-currencySymbol\">&#082;&#036;<\/span>&nbsp;99,00<\/span><\/del> <ins><span class=\"woocommerce-Price-amount amount\"><span class=\"woocommerce-Price-currencySymbol\">&#082;&#036;<\/span>&nbsp;79,00<\/span><\/ins><\/div>\n\t\t\t\t\n\t\t\t\t<div class=\"wp-block-button wc-block-grid__product-add-to-cart\"><a href=\"https:\/\/alphamodasocial.com.br\/shop\/produto\/camiseta-euajudeiojoel-vamos-ajudar-o-joel-a-comprar-a-sua-casa-adaptada\/\" aria-label=\"Selecione as op\u00e7\u00f5es para &ldquo;Camiseta #EuAjudeioJoel - vamos ajudar o Joel a comprar a sua casa adaptada ?&rdquo;\" data-quantity=\"1\" data-product_id=\"20748\" data-product_sku=\"AMB 0557\" rel=\"nofollow\" class=\"wp-block-button__link  add_to_cart_button\">Ver op\u00e7\u00f5es<\/a><\/div>\n\t\t\t<\/li><li class=\"wc-block-grid__product\">\n\t\t\t\t<a href=\"https:\/\/alphamodasocial.com.br\/shop\/produto\/camiseta-violeta-personalizada-franquia-qoculos-minimo-10-pcs\/\" class=\"wc-block-grid__product-link\">\n\t\t\t\t\t<div class=\"wc-block-grid__product-onsale\">\n\t\t\t<span aria-hidden=\"true\">Oferta<\/span>\n\t\t\t<span class=\"screen-reader-text\">Produto em promo\u00e7\u00e3o<\/span>\n\t\t<\/div>\n\t\t\t\t\t<div class=\"wc-block-grid__product-image\"><img loading=\"lazy\" width=\"320\" height=\"400\" src=\"https:\/\/alphamodasocial.com.br\/shop\/wp-content\/uploads\/2025\/01\/Camiseta-violeta-para-uniformes-e-fardas-320x400.jpg\" class=\"attachment-woocommerce_thumbnail size-woocommerce_thumbnail\" alt=\"camiseta tshirt para fardamentos\" decoding=\"async\" \/><\/div>\n\t\t\t\t\t<div class=\"wc-block-grid__product-title\">Camiseta Violeta Personalizada &#8211; Franquia Q\u00d3culos &#8211; m\u00ednimo 10 p\u00e7s<\/div>\n\t\t\t\t<\/a>\n\t\t\t\t<div class=\"wc-block-grid__product-price price\"><del aria-hidden=\"true\"><span class=\"woocommerce-Price-amount amount\"><span class=\"woocommerce-Price-currencySymbol\">&#082;&#036;<\/span>&nbsp;489,00<\/span><\/del> <ins><span class=\"woocommerce-Price-amount amount\"><span class=\"woocommerce-Price-currencySymbol\">&#082;&#036;<\/span>&nbsp;449,00<\/span><\/ins><\/div>\n\t\t\t\t\n\t\t\t\t<div class=\"wp-block-button wc-block-grid__product-add-to-cart\"><a href=\"?add-to-cart=20726\" aria-label=\"Adicionar &ldquo;Camiseta Violeta Personalizada - Franquia Q\u00d3culos - m\u00ednimo 10 p\u00e7s&rdquo; no seu carrinho\" data-quantity=\"1\" data-product_id=\"20726\" data-product_sku=\"AMB 0517\" rel=\"nofollow\" class=\"wp-block-button__link  add_to_cart_button ajax_add_to_cart\">Comprar<\/a><\/div>\n\t\t\t<\/li><\/ul><\/div>\n\n\n<p>Sendo assim, todas as empresas em Duque de Caxias necessitam de uniformes profissionais para estarem bem apresentadas perante os seu clientes e fornecedores, vejam abaixo todos os benef\u00edcios que tem uma empresa que tem a sua equipe uniformizada<\/p>\n\n\n\n<p>1 \u2013 Ajuda no fechamento dos neg\u00f3cios com outras empresas e seus clientes<br>2 \u2013 Seus funcion\u00e1rios levam a marca da empresa em todos os lugares, sendo um \u00f3timo canal de propaganda<br>3 \u2013 Tr\u00e1s mais confian\u00e7a para quem est\u00e1 interessado em seus produtos e servi\u00e7os<br>4 \u2013 Seus funcion\u00e1rios n\u00e3o precisam ficar se preocupando com as roupas que ir\u00e3o usar no dia a dia, sendo muito mais pr\u00e1tico usar o seu uniforme, que lhe dar\u00e1 mais engajamento com a empresa e ser\u00e1 a sua segunda pele.<br><br>Ent\u00e3o, se voc\u00ea procura uniformes com modelos diferenciados e exclusivos para a sua empresa, acesse esse link para ver nossos modelos.<br>A Alpha confecciona o seu sucesso, desenvolvendo uniformes do jeito que voc\u00ea imaginar.<br>Acesse:\u00a0<a rel=\"noreferrer noopener\" href=\"https:\/\/alphamodasocial.com.br\/shop\/categoria-produto\/uniformes-profissionais\/\" target=\"_blank\">https:\/\/alphamodasocial.com.br\/shop\/categoria-produto\/uniformes-profissionais\/<\/a><\/p>\n\n\n<div data-block-name=\"woocommerce\/product-best-sellers\" class=\"wc-block-grid wp-block-product-best-sellers wc-block-product-best-sellers has-3-columns has-multiple-rows\"><ul class=\"wc-block-grid__products\"><li class=\"wc-block-grid__product\">\n\t\t\t\t<a href=\"https:\/\/alphamodasocial.com.br\/shop\/produto\/calca-social-masculina-com-elastano\/\" class=\"wc-block-grid__product-link\">\n\t\t\t\t\t<div class=\"wc-block-grid__product-onsale\">\n\t\t\t<span aria-hidden=\"true\">Oferta<\/span>\n\t\t\t<span class=\"screen-reader-text\">Produto em promo\u00e7\u00e3o<\/span>\n\t\t<\/div>\n\t\t\t\t\t<div class=\"wc-block-grid__product-image\"><img loading=\"lazy\" width=\"320\" height=\"400\" src=\"https:\/\/alphamodasocial.com.br\/shop\/wp-content\/uploads\/2017\/09\/cal\u00e7a-preta-social-masculina-com-elastano-320x400.jpg\" class=\"attachment-woocommerce_thumbnail size-woocommerce_thumbnail\" alt=\"Cal\u00e7a Social Masculina com elastano - 20\" decoding=\"async\" \/><\/div>\n\t\t\t\t\t<div class=\"wc-block-grid__product-title\">Cal\u00e7a Social Masculina com elastano &#8211; 20<\/div>\n\t\t\t\t<\/a>\n\t\t\t\t<div class=\"wc-block-grid__product-price price\"><del aria-hidden=\"true\"><span class=\"woocommerce-Price-amount amount\"><span class=\"woocommerce-Price-currencySymbol\">&#082;&#036;<\/span>&nbsp;1.680,00<\/span><\/del> <ins><span class=\"woocommerce-Price-amount amount\"><span class=\"woocommerce-Price-currencySymbol\">&#082;&#036;<\/span>&nbsp;1.590,00<\/span><\/ins><\/div>\n\t\t\t\t\n\t\t\t\t<div class=\"wp-block-button wc-block-grid__product-add-to-cart\"><a href=\"https:\/\/alphamodasocial.com.br\/shop\/produto\/calca-social-masculina-com-elastano\/\" aria-label=\"Selecione as op\u00e7\u00f5es para &ldquo;Cal\u00e7a Social Masculina com elastano - 20&rdquo;\" data-quantity=\"1\" data-product_id=\"11125\" data-product_sku=\"AMB 0473\" rel=\"nofollow\" class=\"wp-block-button__link  add_to_cart_button\">Ver op\u00e7\u00f5es<\/a><\/div>\n\t\t\t<\/li><li class=\"wc-block-grid__product\">\n\t\t\t\t<a href=\"https:\/\/alphamodasocial.com.br\/shop\/produto\/calca-comprida-social-cintura-alta-bolso-traseiro\/\" class=\"wc-block-grid__product-link\">\n\t\t\t\t\t<div class=\"wc-block-grid__product-onsale\">\n\t\t\t<span aria-hidden=\"true\">Oferta<\/span>\n\t\t\t<span class=\"screen-reader-text\">Produto em promo\u00e7\u00e3o<\/span>\n\t\t<\/div>\n\t\t\t\t\t<div class=\"wc-block-grid__product-image\"><img loading=\"lazy\" width=\"320\" height=\"400\" src=\"https:\/\/alphamodasocial.com.br\/shop\/wp-content\/uploads\/2017\/08\/calca-preta-social-feminina-cintura-alto-320x400.jpg\" class=\"attachment-woocommerce_thumbnail size-woocommerce_thumbnail\" alt=\"Cal\u00e7a comprida feminina Cintura Alta C\u00f3s Largo, bolso traseiro - 20 P\u00c7S\" decoding=\"async\" \/><\/div>\n\t\t\t\t\t<div class=\"wc-block-grid__product-title\">Cal\u00e7a comprida feminina Cintura Alta C\u00f3s Largo, bolso traseiro &#8211; 20 P\u00c7S<\/div>\n\t\t\t\t<\/a>\n\t\t\t\t<div class=\"wc-block-grid__product-price price\"><del aria-hidden=\"true\"><span class=\"woocommerce-Price-amount amount\"><span class=\"woocommerce-Price-currencySymbol\">&#082;&#036;<\/span>&nbsp;2.280,00<\/span><\/del> <ins><span class=\"woocommerce-Price-amount amount\"><span class=\"woocommerce-Price-currencySymbol\">&#082;&#036;<\/span>&nbsp;2.180,00<\/span><\/ins><\/div>\n\t\t\t\t\n\t\t\t\t<div class=\"wp-block-button wc-block-grid__product-add-to-cart\"><a href=\"https:\/\/alphamodasocial.com.br\/shop\/produto\/calca-comprida-social-cintura-alta-bolso-traseiro\/\" aria-label=\"Selecione as op\u00e7\u00f5es para &ldquo;Cal\u00e7a comprida feminina Cintura Alta C\u00f3s Largo, bolso traseiro - 20 P\u00c7S&rdquo;\" data-quantity=\"1\" data-product_id=\"9945\" data-product_sku=\"AMB 0134 CIN ALT\" rel=\"nofollow\" class=\"wp-block-button__link  add_to_cart_button\">Ver op\u00e7\u00f5es<\/a><\/div>\n\t\t\t<\/li><li class=\"wc-block-grid__product\">\n\t\t\t\t<a href=\"https:\/\/alphamodasocial.com.br\/shop\/produto\/camisa-jeans-personalizada-kit-20-pcs\/\" class=\"wc-block-grid__product-link\">\n\t\t\t\t\t<div class=\"wc-block-grid__product-onsale\">\n\t\t\t<span aria-hidden=\"true\">Oferta<\/span>\n\t\t\t<span class=\"screen-reader-text\">Produto em promo\u00e7\u00e3o<\/span>\n\t\t<\/div>\n\t\t\t\t\t<div class=\"wc-block-grid__product-image\"><img loading=\"lazy\" width=\"320\" height=\"400\" src=\"https:\/\/alphamodasocial.com.br\/shop\/wp-content\/uploads\/2020\/01\/Camisa-personalizada-uniformes-fardamentos-profissionais-empresa-frente-jeans-preto-320x400.jpg\" class=\"attachment-woocommerce_thumbnail size-woocommerce_thumbnail\" alt=\"Camisa cor Jeans feminina e\/ou masculina personalizada para uniformes fardamentos profissionais\" decoding=\"async\" \/><\/div>\n\t\t\t\t\t<div class=\"wc-block-grid__product-title\">Camisa cor Jeans feminina e\/ou masculina personalizada para uniformes fardamentos profissionais &#8211; Kit c\/ 20 p\u00e7<\/div>\n\t\t\t\t<\/a>\n\t\t\t\t<div class=\"wc-block-grid__product-price price\"><del aria-hidden=\"true\"><span class=\"woocommerce-Price-amount amount\"><span class=\"woocommerce-Price-currencySymbol\">&#082;&#036;<\/span>&nbsp;2.580,00<\/span><\/del> <ins><span class=\"woocommerce-Price-amount amount\"><span class=\"woocommerce-Price-currencySymbol\">&#082;&#036;<\/span>&nbsp;2.380,00<\/span><\/ins><\/div>\n\t\t\t\t\n\t\t\t\t<div class=\"wp-block-button wc-block-grid__product-add-to-cart\"><a href=\"https:\/\/alphamodasocial.com.br\/shop\/produto\/camisa-jeans-personalizada-kit-20-pcs\/\" aria-label=\"Selecione as op\u00e7\u00f5es para &ldquo;Camisa cor Jeans feminina e\/ou masculina personalizada para uniformes fardamentos profissionais - Kit c\/ 20 p\u00e7&rdquo;\" data-quantity=\"1\" data-product_id=\"14412\" data-product_sku=\"AMB 0315 personalizada\" rel=\"nofollow\" class=\"wp-block-button__link  add_to_cart_button\">Ver op\u00e7\u00f5es<\/a><\/div>\n\t\t\t<\/li><li class=\"wc-block-grid__product\">\n\t\t\t\t<a href=\"https:\/\/alphamodasocial.com.br\/shop\/produto\/calca-flare-social-cintura-alta-bolso-traseiro\/\" class=\"wc-block-grid__product-link\">\n\t\t\t\t\t<div class=\"wc-block-grid__product-onsale\">\n\t\t\t<span aria-hidden=\"true\">Oferta<\/span>\n\t\t\t<span class=\"screen-reader-text\">Produto em promo\u00e7\u00e3o<\/span>\n\t\t<\/div>\n\t\t\t\t\t<div class=\"wc-block-grid__product-image\"><img loading=\"lazy\" width=\"320\" height=\"400\" src=\"https:\/\/alphamodasocial.com.br\/shop\/wp-content\/uploads\/2017\/08\/cal\u00e7a-flare-social-feminina-preta1-320x400.jpg\" class=\"attachment-woocommerce_thumbnail size-woocommerce_thumbnail\" alt=\"Cal\u00e7a Flare Social Cintura Alta Preta - 20 P\u00c7S\" decoding=\"async\" \/><\/div>\n\t\t\t\t\t<div class=\"wc-block-grid__product-title\">Cal\u00e7a Flare Social Cintura Alta Preta &#8211; 20 P\u00c7S<\/div>\n\t\t\t\t<\/a>\n\t\t\t\t<div class=\"wc-block-grid__product-price price\"><del aria-hidden=\"true\"><span class=\"woocommerce-Price-amount amount\"><span class=\"woocommerce-Price-currencySymbol\">&#082;&#036;<\/span>&nbsp;1.900,00<\/span><\/del> <ins><span class=\"woocommerce-Price-amount amount\"><span class=\"woocommerce-Price-currencySymbol\">&#082;&#036;<\/span>&nbsp;1.790,00<\/span><\/ins><\/div>\n\t\t\t\t\n\t\t\t\t<div class=\"wp-block-button wc-block-grid__product-add-to-cart\"><a href=\"https:\/\/alphamodasocial.com.br\/shop\/produto\/calca-flare-social-cintura-alta-bolso-traseiro\/\" aria-label=\"Selecione as op\u00e7\u00f5es para &ldquo;Cal\u00e7a Flare Social Cintura Alta Preta - 20 P\u00c7S&rdquo;\" data-quantity=\"1\" data-product_id=\"9963\" data-product_sku=\"AMB 0198 PRE CIN ALT FLA\" rel=\"nofollow\" class=\"wp-block-button__link  add_to_cart_button\">Ver op\u00e7\u00f5es<\/a><\/div>\n\t\t\t<\/li><li class=\"wc-block-grid__product\">\n\t\t\t\t<a href=\"https:\/\/alphamodasocial.com.br\/shop\/produto\/polo-personalizada-uniforme-personalizada-kit-com-20-pcs\/\" class=\"wc-block-grid__product-link\">\n\t\t\t\t\t<div class=\"wc-block-grid__product-onsale\">\n\t\t\t<span aria-hidden=\"true\">Oferta<\/span>\n\t\t\t<span class=\"screen-reader-text\">Produto em promo\u00e7\u00e3o<\/span>\n\t\t<\/div>\n\t\t\t\t\t<div class=\"wc-block-grid__product-image\"><img loading=\"lazy\" width=\"320\" height=\"400\" src=\"https:\/\/alphamodasocial.com.br\/shop\/wp-content\/uploads\/2018\/06\/Camisa-polo-alpha-preta-branca-vermelha-320x400.jpg\" class=\"attachment-woocommerce_thumbnail size-woocommerce_thumbnail\" alt=\"Camisa com bordado da sua marca modelo polo Personalizada Uniforme \u2013 Kits a partir de 20 p\u00e7s\" decoding=\"async\" \/><\/div>\n\t\t\t\t\t<div class=\"wc-block-grid__product-title\">Camisa com bordado da sua marca modelo polo Personalizada Uniforme \u2013 Kits a partir de 20 p\u00e7s<\/div>\n\t\t\t\t<\/a>\n\t\t\t\t<div class=\"wc-block-grid__product-price price\"><del aria-hidden=\"true\"><span class=\"woocommerce-Price-amount amount\"><span class=\"woocommerce-Price-currencySymbol\">&#082;&#036;<\/span>&nbsp;2.140,00<\/span><\/del> <ins><span class=\"woocommerce-Price-amount amount\"><span class=\"woocommerce-Price-currencySymbol\">&#082;&#036;<\/span>&nbsp;1.940,00<\/span><\/ins><\/div>\n\t\t\t\t\n\t\t\t\t<div class=\"wp-block-button wc-block-grid__product-add-to-cart\"><a href=\"?add-to-cart=12451\" aria-label=\"Adicionar &ldquo;Camisa com bordado da sua marca modelo polo Personalizada Uniforme \u2013 Kits a partir de 20 p\u00e7s&rdquo; no seu carrinho\" data-quantity=\"1\" data-product_id=\"12451\" data-product_sku=\"AMB 0214\" rel=\"nofollow\" class=\"wp-block-button__link  add_to_cart_button ajax_add_to_cart\">Comprar<\/a><\/div>\n\t\t\t<\/li><li class=\"wc-block-grid__product\">\n\t\t\t\t<a href=\"https:\/\/alphamodasocial.com.br\/shop\/produto\/calca-flare-social-cintura-alta-azul-marinho\/\" class=\"wc-block-grid__product-link\">\n\t\t\t\t\t<div class=\"wc-block-grid__product-onsale\">\n\t\t\t<span aria-hidden=\"true\">Oferta<\/span>\n\t\t\t<span class=\"screen-reader-text\">Produto em promo\u00e7\u00e3o<\/span>\n\t\t<\/div>\n\t\t\t\t\t<div class=\"wc-block-grid__product-image\"><img loading=\"lazy\" width=\"320\" height=\"400\" src=\"https:\/\/alphamodasocial.com.br\/shop\/wp-content\/uploads\/2017\/08\/cal\u00e7a-flare-social-feminina-azul-marinho1-320x400.jpg\" class=\"attachment-woocommerce_thumbnail size-woocommerce_thumbnail\" alt=\"Cal\u00e7a Flare Social Cintura Alta Azul Marinho - 20 P\u00c7S\" decoding=\"async\" \/><\/div>\n\t\t\t\t\t<div class=\"wc-block-grid__product-title\">Cal\u00e7a Flare Social Cintura Alta Azul Marinho &#8211; 20 P\u00c7S<\/div>\n\t\t\t\t<\/a>\n\t\t\t\t<div class=\"wc-block-grid__product-price price\"><del aria-hidden=\"true\"><span class=\"woocommerce-Price-amount amount\"><span class=\"woocommerce-Price-currencySymbol\">&#082;&#036;<\/span>&nbsp;1.900,00<\/span><\/del> <ins><span class=\"woocommerce-Price-amount amount\"><span class=\"woocommerce-Price-currencySymbol\">&#082;&#036;<\/span>&nbsp;1.790,00<\/span><\/ins><\/div>\n\t\t\t\t\n\t\t\t\t<div class=\"wp-block-button wc-block-grid__product-add-to-cart\"><a href=\"https:\/\/alphamodasocial.com.br\/shop\/produto\/calca-flare-social-cintura-alta-azul-marinho\/\" aria-label=\"Selecione as op\u00e7\u00f5es para &ldquo;Cal\u00e7a Flare Social Cintura Alta Azul Marinho - 20 P\u00c7S&rdquo;\" data-quantity=\"1\" data-product_id=\"10026\" data-product_sku=\"AMB 0198 AZU FLA CIN ALT\" rel=\"nofollow\" class=\"wp-block-button__link  add_to_cart_button\">Ver op\u00e7\u00f5es<\/a><\/div>\n\t\t\t<\/li><li class=\"wc-block-grid__product\">\n\t\t\t\t<a href=\"https:\/\/alphamodasocial.com.br\/shop\/produto\/calca-chumbo-social-feminina\/\" class=\"wc-block-grid__product-link\">\n\t\t\t\t\t<div class=\"wc-block-grid__product-onsale\">\n\t\t\t<span aria-hidden=\"true\">Oferta<\/span>\n\t\t\t<span class=\"screen-reader-text\">Produto em promo\u00e7\u00e3o<\/span>\n\t\t<\/div>\n\t\t\t\t\t<div class=\"wc-block-grid__product-image\"><img loading=\"lazy\" width=\"320\" height=\"400\" src=\"https:\/\/alphamodasocial.com.br\/shop\/wp-content\/uploads\/2017\/08\/Cal\u00e7a-Social-feminina-cinza-bolsos-320x400.jpg\" class=\"attachment-woocommerce_thumbnail size-woocommerce_thumbnail\" alt=\"Cal\u00e7a Social Feminina Chumbo - 20 P\u00c7S\" decoding=\"async\" \/><\/div>\n\t\t\t\t\t<div class=\"wc-block-grid__product-title\">Cal\u00e7a Social Feminina Chumbo &#8211; 20 P\u00c7S<\/div>\n\t\t\t\t<\/a>\n\t\t\t\t<div class=\"wc-block-grid__product-price price\"><del aria-hidden=\"true\"><span class=\"woocommerce-Price-amount amount\"><span class=\"woocommerce-Price-currencySymbol\">&#082;&#036;<\/span>&nbsp;1.998,00<\/span><\/del> <ins><span class=\"woocommerce-Price-amount amount\"><span class=\"woocommerce-Price-currencySymbol\">&#082;&#036;<\/span>&nbsp;1.798,00<\/span><\/ins><\/div>\n\t\t\t\t\n\t\t\t\t<div class=\"wp-block-button wc-block-grid__product-add-to-cart\"><a href=\"https:\/\/alphamodasocial.com.br\/shop\/produto\/calca-chumbo-social-feminina\/\" aria-label=\"Selecione as op\u00e7\u00f5es para &ldquo;Cal\u00e7a Social Feminina Chumbo - 20 P\u00c7S&rdquo;\" data-quantity=\"1\" data-product_id=\"10137\" data-product_sku=\"AMB 0071 CHU\" rel=\"nofollow\" class=\"wp-block-button__link  add_to_cart_button\">Ver op\u00e7\u00f5es<\/a><\/div>\n\t\t\t<\/li><li class=\"wc-block-grid__product\">\n\t\t\t\t<a href=\"https:\/\/alphamodasocial.com.br\/shop\/produto\/polo-personalizada-com-manga-sobreposta-kit-20-pcs\/\" class=\"wc-block-grid__product-link\">\n\t\t\t\t\t<div class=\"wc-block-grid__product-onsale\">\n\t\t\t<span aria-hidden=\"true\">Oferta<\/span>\n\t\t\t<span class=\"screen-reader-text\">Produto em promo\u00e7\u00e3o<\/span>\n\t\t<\/div>\n\t\t\t\t\t<div class=\"wc-block-grid__product-image\"><img loading=\"lazy\" width=\"320\" height=\"400\" src=\"https:\/\/alphamodasocial.com.br\/shop\/wp-content\/uploads\/2020\/03\/camisa-p\u00f3lo-personalizada-para-empresas-uniformes-fardamento-bordada-frente-preta-e-azul-det-11-320x400.jpg\" class=\"attachment-woocommerce_thumbnail size-woocommerce_thumbnail\" alt=\"Camisa bordada gola Polo personalizada com manga sobreposta \u2013 Kits a partir de 20 p\u00e7s\" decoding=\"async\" \/><\/div>\n\t\t\t\t\t<div class=\"wc-block-grid__product-title\">Camisa bordada gola Polo personalizada com manga sobreposta \u2013 Kits a partir de 20 p\u00e7s<\/div>\n\t\t\t\t<\/a>\n\t\t\t\t<div class=\"wc-block-grid__product-price price\"><del aria-hidden=\"true\"><span class=\"woocommerce-Price-amount amount\"><span class=\"woocommerce-Price-currencySymbol\">&#082;&#036;<\/span>&nbsp;1.940,00<\/span><\/del> <ins><span class=\"woocommerce-Price-amount amount\"><span class=\"woocommerce-Price-currencySymbol\">&#082;&#036;<\/span>&nbsp;1.740,00<\/span><\/ins><\/div>\n\t\t\t\t\n\t\t\t\t<div class=\"wp-block-button wc-block-grid__product-add-to-cart\"><a href=\"?add-to-cart=14718\" aria-label=\"Adicionar &ldquo;Camisa bordada gola Polo personalizada com manga sobreposta \u2013 Kits a partir de 20 p\u00e7s&rdquo; no seu carrinho\" data-quantity=\"1\" data-product_id=\"14718\" data-product_sku=\"AMB 0325\" rel=\"nofollow\" class=\"wp-block-button__link  add_to_cart_button ajax_add_to_cart\">Comprar<\/a><\/div>\n\t\t\t<\/li><li class=\"wc-block-grid__product\">\n\t\t\t\t<a href=\"https:\/\/alphamodasocial.com.br\/shop\/produto\/conjunto-privativo-pijama-hospitalar-acinturado\/\" class=\"wc-block-grid__product-link\">\n\t\t\t\t\t<div class=\"wc-block-grid__product-onsale\">\n\t\t\t<span aria-hidden=\"true\">Oferta<\/span>\n\t\t\t<span class=\"screen-reader-text\">Produto em promo\u00e7\u00e3o<\/span>\n\t\t<\/div>\n\t\t\t\t\t<div class=\"wc-block-grid__product-image\"><img loading=\"lazy\" width=\"320\" height=\"400\" src=\"https:\/\/alphamodasocial.com.br\/shop\/wp-content\/uploads\/2018\/08\/pijama-privativo-cirurgico-conjunto-cor-azul-frente-320x400.jpg\" class=\"attachment-woocommerce_thumbnail size-woocommerce_thumbnail\" alt=\"Conjunto Privativo Pijama Hospitalar Acinturado Transpassado Kit 20 Pe\u00e7as\" decoding=\"async\" \/><\/div>\n\t\t\t\t\t<div class=\"wc-block-grid__product-title\">Conjunto Privativo Pijama Hospitalar Acinturado Transpassado Kit 20 Pe\u00e7as<\/div>\n\t\t\t\t<\/a>\n\t\t\t\t<div class=\"wc-block-grid__product-price price\"><del aria-hidden=\"true\"><span class=\"woocommerce-Price-amount amount\"><span class=\"woocommerce-Price-currencySymbol\">&#082;&#036;<\/span>&nbsp;3.480,00<\/span><\/del> <ins><span class=\"woocommerce-Price-amount amount\"><span class=\"woocommerce-Price-currencySymbol\">&#082;&#036;<\/span>&nbsp;3.380,00<\/span><\/ins><\/div>\n\t\t\t\t\n\t\t\t\t<div class=\"wp-block-button wc-block-grid__product-add-to-cart\"><a href=\"?add-to-cart=12834\" aria-label=\"Adicionar &ldquo;Conjunto Privativo Pijama Hospitalar Acinturado Transpassado Kit 20 Pe\u00e7as&rdquo; no seu carrinho\" data-quantity=\"1\" data-product_id=\"12834\" data-product_sku=\"AMB 0235\" rel=\"nofollow\" class=\"wp-block-button__link  add_to_cart_button ajax_add_to_cart\">Comprar<\/a><\/div>\n\t\t\t<\/li><\/ul><\/div>","protected":false},"excerpt":{"rendered":"<p>Empresas de v\u00e1rios segmentos t\u00eam se instalado em Duque de Caxias, tais como o jornal O Globo e o Carrefour, aproveitando a privilegiada posi\u00e7\u00e3o do munic\u00edpio, pr\u00f3ximo de algumas das principais rodovias brasileiras: Linha Vermelha, Linha Amarela, Rodovia Presidente Dutra, BR-040 e Avenida Brasil, al\u00e9m da proximidade do Aeroporto Tom Jobim e a dist\u00e2ncia de [&hellip;]<\/p>\n","protected":false},"author":2,"featured_media":0,"comment_status":"closed","ping_status":"closed","sticky":false,"template":"","format":"standard","meta":{"_monsterinsights_skip_tracking":false,"_monsterinsights_sitenote_active":false,"_monsterinsights_sitenote_note":"","_monsterinsights_sitenote_category":0,"footnotes":""},"categories":[1],"tags":[954,953,949],"_links":{"self":[{"href":"https:\/\/alphamodasocial.com.br\/shop\/wp-json\/wp\/v2\/posts\/16115"}],"collection":[{"href":"https:\/\/alphamodasocial.com.br\/shop\/wp-json\/wp\/v2\/posts"}],"about":[{"href":"https:\/\/alphamodasocial.com.br\/shop\/wp-json\/wp\/v2\/types\/post"}],"author":[{"embeddable":true,"href":"https:\/\/alphamodasocial.com.br\/shop\/wp-json\/wp\/v2\/users\/2"}],"replies":[{"embeddable":true,"href":"https:\/\/alphamodasocial.com.br\/shop\/wp-json\/wp\/v2\/comments?post=16115"}],"version-history":[{"count":1,"href":"https:\/\/alphamodasocial.com.br\/shop\/wp-json\/wp\/v2\/posts\/16115\/revisions"}],"predecessor-version":[{"id":16116,"href":"https:\/\/alphamodasocial.com.br\/shop\/wp-json\/wp\/v2\/posts\/16115\/revisions\/16116"}],"wp:attachment":[{"href":"https:\/\/alphamodasocial.com.br\/shop\/wp-json\/wp\/v2\/media?parent=16115"}],"wp:term":[{"taxonomy":"category","embeddable":true,"href":"https:\/\/alphamodasocial.com.br\/shop\/wp-json\/wp\/v2\/categories?post=16115"},{"taxonomy":"post_tag","embeddable":true,"href":"https:\/\/alphamodasocial.com.br\/shop\/wp-json\/wp\/v2\/tags?post=16115"}],"curies":[{"name":"wp","href":"https:\/\/api.w.org\/{rel}","templated":true}]}}