{"id":15955,"date":"2020-12-06T21:45:09","date_gmt":"2020-12-07T00:45:09","guid":{"rendered":"https:\/\/alphamodasocial.com.br\/shop\/?p=15955"},"modified":"2021-01-28T16:10:47","modified_gmt":"2021-01-28T19:10:47","slug":"qual-o-melhor-de-tecido-para-uniformes-e-fardamentos-profissionais-para-a-sua-empresa","status":"publish","type":"post","link":"https:\/\/alphamodasocial.com.br\/shop\/qual-o-melhor-de-tecido-para-uniformes-e-fardamentos-profissionais-para-a-sua-empresa\/","title":{"rendered":"Qual o melhor tecido para uniformes e fardamentos profissionais para a sua empresa"},"content":{"rendered":"\n<p>Tendo em vista que todo profissional tem que se sentir confort\u00e1vel com o uso di\u00e1rio do seu uniformes vamos explicar sobre qual tecido ou malha s\u00e3o ideais para uso dos uniformes da sua empresa.<\/p>\n\n\n\n<p>Quanto mais o tecido ou malha tiver algod\u00e3o em sua composi\u00e7\u00e3o mais confort\u00e1vel ele \u00e9 na quest\u00e3o de conforto t\u00e9rmino e maciez do tecido, por\u00e9m, tem suas desvantagens, o algod\u00e3o pode ser natural, amassa demais, se secar em secadora encolhe e perde muito a cor quando \u00e9 colorido ou quando \u00e9 branco fica amarelado muito r\u00e1pido.<br>N\u00e3o que a malha ou tecido \u00e9 de m\u00e1 qualidade, \u00e9 que o algod\u00e3o \u00e9 mais sens\u00edvel ao uso constante como s\u00e3o usados os uniformes profissionais.<\/p>\n\n\n\n<p><br>Tecido ou malha 100% algod\u00e3o s\u00e3o usados mais na linha roupas casuais, roupas essas que se usa bem menos, pois geralmente s\u00e3o usadas em ocasi\u00f5es de laser ou ocasi\u00f5es n\u00e3o t\u00e3o frequentes como num passeios, em igreja, em eventos ou no dia a dia revezando com outras roupas.<br>Mas quando esse tipo de tecido \u00e9 usado como uniformes que se lava a cada dois dias no m\u00e1ximo ele sofre todas avarias conforme citado acima.<\/p>\n\n\n\n<figure class=\"wp-block-image\"><img decoding=\"async\" loading=\"lazy\" width=\"797\" height=\"561\" src=\"https:\/\/alphamodasocial.com.br\/shop\/wp-content\/uploads\/2020\/12\/meia-malha-tecido-100-algod\u00e3o-imagens-uniformes-de-trabalho-empresas.jpg\" alt=\"\" class=\"wp-image-15956\" srcset=\"https:\/\/alphamodasocial.com.br\/shop\/wp-content\/uploads\/2020\/12\/meia-malha-tecido-100-algod\u00e3o-imagens-uniformes-de-trabalho-empresas.jpg 797w, https:\/\/alphamodasocial.com.br\/shop\/wp-content\/uploads\/2020\/12\/meia-malha-tecido-100-algod\u00e3o-imagens-uniformes-de-trabalho-empresas-640x450.jpg 640w, https:\/\/alphamodasocial.com.br\/shop\/wp-content\/uploads\/2020\/12\/meia-malha-tecido-100-algod\u00e3o-imagens-uniformes-de-trabalho-empresas-300x211.jpg 300w, https:\/\/alphamodasocial.com.br\/shop\/wp-content\/uploads\/2020\/12\/meia-malha-tecido-100-algod\u00e3o-imagens-uniformes-de-trabalho-empresas-768x541.jpg 768w\" sizes=\"(max-width: 797px) 100vw, 797px\" \/><figcaption>Tecido e malha de algod\u00e3o s\u00e3o naturais org\u00e2nicos<\/figcaption><\/figure>\n\n\n\n<p>Quanto mais o tecido ou malha tiver poli\u00e9ster em sua composi\u00e7\u00e3o mais dur\u00e1vel ser\u00e1, pois n\u00e3o amassa, n\u00e3o escolhe, n\u00e3o desbota e n\u00e3o fica amarelado facilmente, por\u00e9m, \u00e9 mais quente e pode dar alergia em que \u00e9 sens\u00edvel a algo mais sint\u00e9tico.<\/p>\n\n\n\n<p>Tecido e malha em poli\u00e9ster tem uma durabilidade muito longa por se tratar de lago sint\u00e9tico como se fosse pl\u00e1stico.<\/p>\n\n\n\n<p>Por isso, a maioria dos tecidos e malhas para a confec\u00e7\u00e3o de uniformes e fardamentos profissionais tem a sua composi\u00e7\u00e3o mista de poli\u00e9ster com algod\u00e3o para que se possa ter o conforto t\u00e9rmico e maciez do algod\u00e3o com a durabilidade e facilidade e durabilidade do poli\u00e9ster.<\/p>\n\n\n\n<figure class=\"wp-block-image is-resized\"><img decoding=\"async\" loading=\"lazy\" src=\"https:\/\/alphamodasocial.com.br\/shop\/wp-content\/uploads\/2020\/12\/malha-tecido-poliester-imagens-melhor-uniformes-de-trabalho-empresas.jpg\" alt=\"\" class=\"wp-image-15957\" width=\"560\" height=\"372\"\/><figcaption>Tecido e malha de poli\u00e9ster s\u00e3o sint\u00e9ticos (pl\u00e1sticos) n\u00e3o absorvem \u00e1gua e secam r\u00e1pido<\/figcaption><\/figure>\n\n\n\n<p>Existem alguns ramos de atividade que seus uniformes tem que ser confeccionados em algod\u00e3o para n\u00e3o gerarem a eletricidade est\u00e1tica (aquele choquinho que levamos quando encostamos em algo de metal) ou em casos que se meche com fogo, pois se o algod\u00e3o queimar ele pode at\u00e9 atingir a pessoa, mas n\u00e3o derrete e gruda na pele como o poli\u00e9ster.<\/p>\n\n\n\n<p>Caso tenha mais alguma d\u00favida sobre o melhor tecido ou malha para a confec\u00e7\u00e3o dos seus uniformes entre em contato conosco para que possamos lhe ajudar na escolha dos seus uniformes.<br>Clique<a href=\"https:\/\/alphamodasocial.com.br\/shop\/\"> aqui <\/a>e envie a sua d\u00favida que lhe responderemos em breve<\/p>\n","protected":false},"excerpt":{"rendered":"<p>Tendo em vista que todo profissional tem que se sentir confort\u00e1vel com o uso di\u00e1rio do seu uniformes vamos explicar sobre qual tecido ou malha s\u00e3o ideais para uso dos uniformes da sua empresa. Quanto mais o tecido ou malha tiver algod\u00e3o em sua composi\u00e7\u00e3o mais confort\u00e1vel ele \u00e9 na quest\u00e3o de conforto t\u00e9rmino e [&hellip;]<\/p>\n","protected":false},"author":2,"featured_media":0,"comment_status":"closed","ping_status":"closed","sticky":false,"template":"","format":"standard","meta":{"_monsterinsights_skip_tracking":false,"_monsterinsights_sitenote_active":false,"_monsterinsights_sitenote_note":"","_monsterinsights_sitenote_category":0,"footnotes":""},"categories":[1],"tags":[],"_links":{"self":[{"href":"https:\/\/alphamodasocial.com.br\/shop\/wp-json\/wp\/v2\/posts\/15955"}],"collection":[{"href":"https:\/\/alphamodasocial.com.br\/shop\/wp-json\/wp\/v2\/posts"}],"about":[{"href":"https:\/\/alphamodasocial.com.br\/shop\/wp-json\/wp\/v2\/types\/post"}],"author":[{"embeddable":true,"href":"https:\/\/alphamodasocial.com.br\/shop\/wp-json\/wp\/v2\/users\/2"}],"replies":[{"embeddable":true,"href":"https:\/\/alphamodasocial.com.br\/shop\/wp-json\/wp\/v2\/comments?post=15955"}],"version-history":[{"count":3,"href":"https:\/\/alphamodasocial.com.br\/shop\/wp-json\/wp\/v2\/posts\/15955\/revisions"}],"predecessor-version":[{"id":16318,"href":"https:\/\/alphamodasocial.com.br\/shop\/wp-json\/wp\/v2\/posts\/15955\/revisions\/16318"}],"wp:attachment":[{"href":"https:\/\/alphamodasocial.com.br\/shop\/wp-json\/wp\/v2\/media?parent=15955"}],"wp:term":[{"taxonomy":"category","embeddable":true,"href":"https:\/\/alphamodasocial.com.br\/shop\/wp-json\/wp\/v2\/categories?post=15955"},{"taxonomy":"post_tag","embeddable":true,"href":"https:\/\/alphamodasocial.com.br\/shop\/wp-json\/wp\/v2\/tags?post=15955"}],"curies":[{"name":"wp","href":"https:\/\/api.w.org\/{rel}","templated":true}]}}