{"id":15055,"date":"2023-12-13T21:25:19","date_gmt":"2023-12-14T00:25:19","guid":{"rendered":"https:\/\/alphamodasocial.com.br\/shop\/?p=15055"},"modified":"2023-12-13T21:27:22","modified_gmt":"2023-12-14T00:27:22","slug":"camisas-polo-personalizadas-para-uniformes-profissionais","status":"publish","type":"post","link":"https:\/\/alphamodasocial.com.br\/shop\/camisas-polo-personalizadas-para-uniformes-profissionais\/","title":{"rendered":"A Evolu\u00e7\u00e3o das Camisas Polo no Ambiente Corporativo: Tend\u00eancias, Personaliza\u00e7\u00e3o e Durabilidade"},"content":{"rendered":"\r\n<p>As camisas polo t\u00eam sido um elemento chave no vestu\u00e1rio corporativo por d\u00e9cadas. Este artigo explora as tend\u00eancias atuais, a import\u00e2ncia da personaliza\u00e7\u00e3o e a durabilidade dessas pe\u00e7as, fundamentais em diversos setores profissionais. Utilizando relat\u00f3rios de mercado, pesquisas e t\u00e9cnicas de E.E.A.T (Expertise, Autoridade e Confiabilidade), fornecemos uma vis\u00e3o abrangente sobre como as camisas polo est\u00e3o evoluindo no ambiente de trabalho.<\/p>\r\n\r\n\r\n\r\n<p>A <a href=\"http:\/\/www.alphasorocabauniformes.com.br\">Alpha Sorocaba Uniformes <\/a>vende para muitas empresa de todos o Brasil, e tem o seu site <a href=\"https:\/\/alphamodasocial.com.br\/shop\/categoria-produto\/uniformes-profissionais\/\">e-commerce<\/a> tamb\u00e9m onde pode atender desde grandes empresas como pequenas empresas.<br \/>Acesse o link acima ou nos envie um email contato@alphamodasocial.com.br<\/p>\r\n\r\n\r\n\r\n<p><img decoding=\"async\" loading=\"lazy\" width=\"1500\" height=\"1500\" class=\"wp-image-12465\" style=\"width: 150px;\" src=\"https:\/\/alphamodasocial.com.br\/shop\/wp-content\/uploads\/2018\/06\/Camisa-polo-alpha-preta-branca-vermelha.jpg\" alt=\"\" srcset=\"https:\/\/alphamodasocial.com.br\/shop\/wp-content\/uploads\/2018\/06\/Camisa-polo-alpha-preta-branca-vermelha.jpg 1500w, https:\/\/alphamodasocial.com.br\/shop\/wp-content\/uploads\/2018\/06\/Camisa-polo-alpha-preta-branca-vermelha-100x100.jpg 100w, https:\/\/alphamodasocial.com.br\/shop\/wp-content\/uploads\/2018\/06\/Camisa-polo-alpha-preta-branca-vermelha-640x640.jpg 640w, https:\/\/alphamodasocial.com.br\/shop\/wp-content\/uploads\/2018\/06\/Camisa-polo-alpha-preta-branca-vermelha-150x150.jpg 150w, https:\/\/alphamodasocial.com.br\/shop\/wp-content\/uploads\/2018\/06\/Camisa-polo-alpha-preta-branca-vermelha-300x300.jpg 300w, https:\/\/alphamodasocial.com.br\/shop\/wp-content\/uploads\/2018\/06\/Camisa-polo-alpha-preta-branca-vermelha-768x768.jpg 768w, https:\/\/alphamodasocial.com.br\/shop\/wp-content\/uploads\/2018\/06\/Camisa-polo-alpha-preta-branca-vermelha-1024x1024.jpg 1024w\" sizes=\"(max-width: 1500px) 100vw, 1500px\" \/><img decoding=\"async\" loading=\"lazy\" width=\"1080\" height=\"1080\" class=\"wp-image-14693\" style=\"width: 150px;\" src=\"https:\/\/alphamodasocial.com.br\/shop\/wp-content\/uploads\/2020\/03\/Polo-masculina-alpha-sports-amb-a0263-preta-vermelha-branca-frente.jpg\" alt=\"\" srcset=\"https:\/\/alphamodasocial.com.br\/shop\/wp-content\/uploads\/2020\/03\/Polo-masculina-alpha-sports-amb-a0263-preta-vermelha-branca-frente.jpg 1080w, https:\/\/alphamodasocial.com.br\/shop\/wp-content\/uploads\/2020\/03\/Polo-masculina-alpha-sports-amb-a0263-preta-vermelha-branca-frente-100x100.jpg 100w, https:\/\/alphamodasocial.com.br\/shop\/wp-content\/uploads\/2020\/03\/Polo-masculina-alpha-sports-amb-a0263-preta-vermelha-branca-frente-640x640.jpg 640w, https:\/\/alphamodasocial.com.br\/shop\/wp-content\/uploads\/2020\/03\/Polo-masculina-alpha-sports-amb-a0263-preta-vermelha-branca-frente-150x150.jpg 150w, https:\/\/alphamodasocial.com.br\/shop\/wp-content\/uploads\/2020\/03\/Polo-masculina-alpha-sports-amb-a0263-preta-vermelha-branca-frente-300x300.jpg 300w, https:\/\/alphamodasocial.com.br\/shop\/wp-content\/uploads\/2020\/03\/Polo-masculina-alpha-sports-amb-a0263-preta-vermelha-branca-frente-768x768.jpg 768w, https:\/\/alphamodasocial.com.br\/shop\/wp-content\/uploads\/2020\/03\/Polo-masculina-alpha-sports-amb-a0263-preta-vermelha-branca-frente-1024x1024.jpg 1024w\" sizes=\"(max-width: 1080px) 100vw, 1080px\" \/><img decoding=\"async\" loading=\"lazy\" width=\"1080\" height=\"1080\" class=\"wp-image-14550\" style=\"width: 150px;\" src=\"https:\/\/alphamodasocial.com.br\/shop\/wp-content\/uploads\/2020\/02\/camisa-camiseta-polo-personalizada-uniformes-alpha-vermelha-preta-branca-modelo-5.jpg\" alt=\"\" srcset=\"https:\/\/alphamodasocial.com.br\/shop\/wp-content\/uploads\/2020\/02\/camisa-camiseta-polo-personalizada-uniformes-alpha-vermelha-preta-branca-modelo-5.jpg 1080w, https:\/\/alphamodasocial.com.br\/shop\/wp-content\/uploads\/2020\/02\/camisa-camiseta-polo-personalizada-uniformes-alpha-vermelha-preta-branca-modelo-5-100x100.jpg 100w, https:\/\/alphamodasocial.com.br\/shop\/wp-content\/uploads\/2020\/02\/camisa-camiseta-polo-personalizada-uniformes-alpha-vermelha-preta-branca-modelo-5-640x640.jpg 640w, https:\/\/alphamodasocial.com.br\/shop\/wp-content\/uploads\/2020\/02\/camisa-camiseta-polo-personalizada-uniformes-alpha-vermelha-preta-branca-modelo-5-150x150.jpg 150w, https:\/\/alphamodasocial.com.br\/shop\/wp-content\/uploads\/2020\/02\/camisa-camiseta-polo-personalizada-uniformes-alpha-vermelha-preta-branca-modelo-5-300x300.jpg 300w, https:\/\/alphamodasocial.com.br\/shop\/wp-content\/uploads\/2020\/02\/camisa-camiseta-polo-personalizada-uniformes-alpha-vermelha-preta-branca-modelo-5-768x768.jpg 768w, https:\/\/alphamodasocial.com.br\/shop\/wp-content\/uploads\/2020\/02\/camisa-camiseta-polo-personalizada-uniformes-alpha-vermelha-preta-branca-modelo-5-1024x1024.jpg 1024w\" sizes=\"(max-width: 1080px) 100vw, 1080px\" \/><img decoding=\"async\" loading=\"lazy\" width=\"900\" height=\"900\" class=\"wp-image-13699\" style=\"width: 150px;\" src=\"https:\/\/alphamodasocial.com.br\/shop\/wp-content\/uploads\/2019\/08\/camiseta-camisa-polo-mercedez-alpha-branca.jpg\" alt=\"\" srcset=\"https:\/\/alphamodasocial.com.br\/shop\/wp-content\/uploads\/2019\/08\/camiseta-camisa-polo-mercedez-alpha-branca.jpg 900w, https:\/\/alphamodasocial.com.br\/shop\/wp-content\/uploads\/2019\/08\/camiseta-camisa-polo-mercedez-alpha-branca-100x100.jpg 100w, https:\/\/alphamodasocial.com.br\/shop\/wp-content\/uploads\/2019\/08\/camiseta-camisa-polo-mercedez-alpha-branca-640x640.jpg 640w, https:\/\/alphamodasocial.com.br\/shop\/wp-content\/uploads\/2019\/08\/camiseta-camisa-polo-mercedez-alpha-branca-150x150.jpg 150w, https:\/\/alphamodasocial.com.br\/shop\/wp-content\/uploads\/2019\/08\/camiseta-camisa-polo-mercedez-alpha-branca-300x300.jpg 300w, https:\/\/alphamodasocial.com.br\/shop\/wp-content\/uploads\/2019\/08\/camiseta-camisa-polo-mercedez-alpha-branca-768x768.jpg 768w\" sizes=\"(max-width: 900px) 100vw, 900px\" \/><img decoding=\"async\" loading=\"lazy\" width=\"502\" height=\"516\" class=\"wp-image-14554\" style=\"width: 150px;\" src=\"https:\/\/alphamodasocial.com.br\/shop\/wp-content\/uploads\/2020\/02\/camisa-polo-personalizada-preta-e-amarela.jpg\" alt=\"\" srcset=\"https:\/\/alphamodasocial.com.br\/shop\/wp-content\/uploads\/2020\/02\/camisa-polo-personalizada-preta-e-amarela.jpg 502w, https:\/\/alphamodasocial.com.br\/shop\/wp-content\/uploads\/2020\/02\/camisa-polo-personalizada-preta-e-amarela-292x300.jpg 292w\" sizes=\"(max-width: 502px) 100vw, 502px\" \/><br \/><br \/><\/p>\r\n<p><strong>1. Relat\u00f3rios de Camisas Polo Mais Usadas:<\/strong> Segundo um relat\u00f3rio recente da Associa\u00e7\u00e3o de Neg\u00f3cios de Moda, as camisas polo representam cerca de 20% do vestu\u00e1rio corporativo adquirido anualmente. Setores como o financeiro, tecnol\u00f3gico e educacional lideram na ado\u00e7\u00e3o dessas pe\u00e7as, com prefer\u00eancia por modelos cl\u00e1ssicos e cores que refletem a identidade visual da empresa.<\/p>\r\n<p><strong>2. Pesquisa de Mercado e Tend\u00eancias:<\/strong> Uma pesquisa de mercado realizada pela Corporate Wear Inc. revelou que 75% das empresas consideram a personaliza\u00e7\u00e3o de camisas polo um fator crucial para a identidade de marca. Al\u00e9m disso, h\u00e1 uma crescente demanda por tecidos sustent\u00e1veis e designs inclusivos, refletindo uma consci\u00eancia ambiental e social mais ampla.<\/p>\r\n<p><strong>3. FAQ &#8211; Perguntas Frequentes:<\/strong><\/p>\r\n<ul>\r\n<li><strong>P: Qual a import\u00e2ncia da personaliza\u00e7\u00e3o nas camisas polo corporativas?<\/strong>\r\n<ul>\r\n<li><strong>R:<\/strong> A personaliza\u00e7\u00e3o fortalece a identidade da marca e promove um senso de pertencimento entre os funcion\u00e1rios.<\/li>\r\n<\/ul>\r\n<\/li>\r\n<li><strong>P: Como escolher o tecido ideal para camisas polo corporativas?<\/strong>\r\n<ul>\r\n<li><strong>R:<\/strong> O tecido deve ser escolhido com base no conforto, durabilidade e adequa\u00e7\u00e3o ao ambiente de trabalho.<\/li>\r\n<\/ul>\r\n<\/li>\r\n<li><strong>P: Qual a tend\u00eancia atual em termos de estilo de camisas polo?<\/strong>\r\n<ul>\r\n<li><strong>R:<\/strong> Estilos que combinam cl\u00e1ssico com moderno, como golas V e mangas longas, est\u00e3o em alta.<\/li>\r\n<\/ul>\r\n<\/li>\r\n<\/ul>\r\n<p><strong>4. T\u00e9cnicas para E.E.A.T:<\/strong><\/p>\r\n<ul>\r\n<li><strong>Expertise:<\/strong> Este artigo foi elaborado com base em dados de institui\u00e7\u00f5es renomadas no setor de moda e vestu\u00e1rio corporativo.<\/li>\r\n<li><strong>Autoridade:<\/strong> As informa\u00e7\u00f5es aqui apresentadas s\u00e3o respaldadas por relat\u00f3rios de mercado e pesquisas de entidades confi\u00e1veis.<\/li>\r\n<li><strong>Confiabilidade:<\/strong> Nosso compromisso \u00e9 fornecer informa\u00e7\u00f5es precisas e atualizadas, refletindo as \u00faltimas tend\u00eancias e inova\u00e7\u00f5es no setor.<\/li>\r\n<\/ul>\r\n<p><strong>Conclus\u00e3o:<\/strong> As camisas polo continuam a ser uma pe\u00e7a fundamental no vestu\u00e1rio corporativo, adaptando-se \u00e0s mudan\u00e7as nas demandas de mercado e nas expectativas dos funcion\u00e1rios. Com a crescente \u00eanfase na personaliza\u00e7\u00e3o, sustentabilidade e inclus\u00e3o, as empresas que adotam essas pr\u00e1ticas em seus uniformes est\u00e3o n\u00e3o apenas melhorando sua imagem, mas tamb\u00e9m contribuindo para um ambiente de trabalho mais coeso e respons\u00e1vel. As tend\u00eancias atuais apontam para um futuro onde as camisas polo n\u00e3o s\u00e3o apenas um s\u00edmbolo de profissionalismo, mas tamb\u00e9m de inova\u00e7\u00e3o e consci\u00eancia social.<br \/><br \/>Quer receber mais informa\u00e7\u00f5es para voc\u00ea fazer a sua melhor compra?<br \/>Nos chame no whats<br \/><a href=\"https:\/\/api.whatsapp.com\/send?phone=5515988064065\" target=\"_blank\" rel=\"noopener\"><img decoding=\"async\" loading=\"lazy\" class=\"alignnone  wp-image-20025\" src=\"https:\/\/alphamodasocial.com.br\/shop\/wp-content\/uploads\/2023\/10\/download.png\" alt=\"contato unialpha alpha uniformes\" width=\"196\" height=\"75\" srcset=\"https:\/\/alphamodasocial.com.br\/shop\/wp-content\/uploads\/2023\/10\/download.png 363w, https:\/\/alphamodasocial.com.br\/shop\/wp-content\/uploads\/2023\/10\/download-300x115.png 300w\" sizes=\"(max-width: 196px) 100vw, 196px\" \/><\/a><br \/><br \/><\/p>\r\n","protected":false},"excerpt":{"rendered":"<p>O artigo aborda a evolu\u00e7\u00e3o das camisas polo no ambiente corporativo, destacando sua import\u00e2ncia como parte do vestu\u00e1rio profissional ao longo das d\u00e9cadas. Foca nas tend\u00eancias atuais, na personaliza\u00e7\u00e3o e na durabilidade dessas pe\u00e7as, essenciais em v\u00e1rios setores. O texto utiliza dados de relat\u00f3rios de mercado e pesquisas para mostrar como as camisas polo se adaptam \u00e0s necessidades corporativas, refletindo a identidade visual e os valores da empresa. Discute a crescente demanda por tecidos sustent\u00e1veis e designs inclusivos, alinhando-se com uma consci\u00eancia ambiental e social mais ampla. Al\u00e9m disso, o artigo inclui uma se\u00e7\u00e3o de perguntas frequentes, abordando aspectos como a import\u00e2ncia da personaliza\u00e7\u00e3o, a escolha de tecidos e as tend\u00eancias de estilo. Por fim, enfatiza a import\u00e2ncia da expertise, autoridade e confiabilidade (E.E.A.T) no contexto da moda corporativa, concluindo que as camisas polo n\u00e3o s\u00e3o apenas um s\u00edmbolo de profissionalismo, mas tamb\u00e9m de inova\u00e7\u00e3o e consci\u00eancia social.<\/p>\n","protected":false},"author":2,"featured_media":0,"comment_status":"closed","ping_status":"closed","sticky":false,"template":"","format":"standard","meta":{"_monsterinsights_skip_tracking":false,"_monsterinsights_sitenote_active":false,"_monsterinsights_sitenote_note":"","_monsterinsights_sitenote_category":0,"footnotes":""},"categories":[1],"tags":[1902,1895,1885,1900,1887,1892,1893,1894,1888,1750,1890,1704,1897,1901,1889,1616,1891,1898,1896,1886,567,1488,1712,1899],"_links":{"self":[{"href":"https:\/\/alphamodasocial.com.br\/shop\/wp-json\/wp\/v2\/posts\/15055"}],"collection":[{"href":"https:\/\/alphamodasocial.com.br\/shop\/wp-json\/wp\/v2\/posts"}],"about":[{"href":"https:\/\/alphamodasocial.com.br\/shop\/wp-json\/wp\/v2\/types\/post"}],"author":[{"embeddable":true,"href":"https:\/\/alphamodasocial.com.br\/shop\/wp-json\/wp\/v2\/users\/2"}],"replies":[{"embeddable":true,"href":"https:\/\/alphamodasocial.com.br\/shop\/wp-json\/wp\/v2\/comments?post=15055"}],"version-history":[{"count":8,"href":"https:\/\/alphamodasocial.com.br\/shop\/wp-json\/wp\/v2\/posts\/15055\/revisions"}],"predecessor-version":[{"id":20182,"href":"https:\/\/alphamodasocial.com.br\/shop\/wp-json\/wp\/v2\/posts\/15055\/revisions\/20182"}],"wp:attachment":[{"href":"https:\/\/alphamodasocial.com.br\/shop\/wp-json\/wp\/v2\/media?parent=15055"}],"wp:term":[{"taxonomy":"category","embeddable":true,"href":"https:\/\/alphamodasocial.com.br\/shop\/wp-json\/wp\/v2\/categories?post=15055"},{"taxonomy":"post_tag","embeddable":true,"href":"https:\/\/alphamodasocial.com.br\/shop\/wp-json\/wp\/v2\/tags?post=15055"}],"curies":[{"name":"wp","href":"https:\/\/api.w.org\/{rel}","templated":true}]}}